{"id":812,"date":"2023-10-17T09:25:44","date_gmt":"2023-10-17T07:25:44","guid":{"rendered":"https:\/\/marmoleslapedrera.es\/?p=812"},"modified":"2023-10-17T11:07:01","modified_gmt":"2023-10-17T09:07:01","slug":"proyecto-financiado-con-la-subvencion-de-la-conselleria-de-economia-sostenible-sectores-productivos-comercio-y-trabajo-direccion-general-de-industria-y-energia","status":"publish","type":"post","link":"https:\/\/marmoleslapedrera.es\/en\/proyecto-financiado-con-la-subvencion-de-la-conselleria-de-economia-sostenible-sectores-productivos-comercio-y-trabajo-direccion-general-de-industria-y-energia\/","title":{"rendered":"M\u00e1rmoles la Pedrera amplia el sistema productivo gracias a la ayuda para PYMES industriales de la Comunitat Valenciana"},"content":{"rendered":"<p><\/p>\n\n\n\n<p>Gracias al programa de ayudas en materia de industrializaci\u00f3n para inversiones de PYMES INDUSTRIALES de la Comunitat Valenciana, <strong>mejoramos y ampliamos el sistema productivo con un centro de corte y moldurado a control num\u00e9rico smart-625CNC<\/strong>.<\/p>\n\n\n\n<p>Este proyecto ha sido financiado con la a subvenci\u00f3n de la Conselleria de Econom\u00eda Sostenible, Sectores Productivos, Comercio y Trabajo. Direcci\u00f3n General de Industria y Energ\u00eda.<\/p>\n\n\n\n<p>Empresa beneficiada:<strong> MARMOLES LA PEDRERA, S.L.<\/strong><\/p>\n\n\n\n<p>Programa: <strong>Ayudas en materia de industrializaci\u00f3n para inversiones de PYMES INDUSTRIALES de la Comunitat Valenciana que mejoren la competitividad y sostenibilidad de las pymes de diversos sectores industriales, dentro de la sexta fase de implantaci\u00f3n del Plan Estrat\u00e9gico de la Industria Valenciana, para el ejercicio 2023 (INPYME).<\/strong><\/p>\n\n\n\n<p>Proyecto:<strong>MEJORA Y AMPLIACION DEL \u00c1REA DE CORTE PARA LA FABRICACION DE ENCIMERAS<\/strong><strong>.<\/strong><\/p>\n\n\n\n<p>Inversi\u00f3n: <strong>mejora y ampliaci\u00f3n del sistema productivo mediante la adquisici\u00f3n de:<\/strong><\/p>\n\n\n\n<figure class=\"wp-block-table\"><table><tbody><tr><td><strong>MAQUINARIA<\/strong><\/td><\/tr><tr><td>CENTRO DE CORTE Y MOLDURADO A CONTROL NUM\u00c9RICO SMART-625 CNC<\/td><\/tr><\/tbody><\/table><\/figure>\n\n\n\n<p>Expediente: <strong>INPYME\/2023\/220<\/strong><\/p>\n\n\n\n<p>Importe concedido: 43.260,00\u20ac<\/p>","protected":false},"excerpt":{"rendered":"<p>Gracias al programa de ayudas en materia de industrializaci\u00f3n para<\/p>\n<div class=\"read-more-wrapper\"><a class=\"read-more\" href=\"https:\/\/marmoleslapedrera.es\/en\/proyecto-financiado-con-la-subvencion-de-la-conselleria-de-economia-sostenible-sectores-productivos-comercio-y-trabajo-direccion-general-de-industria-y-energia\/\">&#8230;<\/a><\/div>","protected":false},"author":1,"featured_media":816,"comment_status":"closed","ping_status":"open","sticky":false,"template":"","format":"standard","meta":{"footnotes":""},"categories":[39],"tags":[],"class_list":["post-812","post","type-post","status-publish","format-standard","has-post-thumbnail","hentry","category-noticias"],"_links":{"self":[{"href":"https:\/\/marmoleslapedrera.es\/en\/wp-json\/wp\/v2\/posts\/812","targetHints":{"allow":["GET"]}}],"collection":[{"href":"https:\/\/marmoleslapedrera.es\/en\/wp-json\/wp\/v2\/posts"}],"about":[{"href":"https:\/\/marmoleslapedrera.es\/en\/wp-json\/wp\/v2\/types\/post"}],"author":[{"embeddable":true,"href":"https:\/\/marmoleslapedrera.es\/en\/wp-json\/wp\/v2\/users\/1"}],"replies":[{"embeddable":true,"href":"https:\/\/marmoleslapedrera.es\/en\/wp-json\/wp\/v2\/comments?post=812"}],"version-history":[{"count":2,"href":"https:\/\/marmoleslapedrera.es\/en\/wp-json\/wp\/v2\/posts\/812\/revisions"}],"predecessor-version":[{"id":817,"href":"https:\/\/marmoleslapedrera.es\/en\/wp-json\/wp\/v2\/posts\/812\/revisions\/817"}],"wp:featuredmedia":[{"embeddable":true,"href":"https:\/\/marmoleslapedrera.es\/en\/wp-json\/wp\/v2\/media\/816"}],"wp:attachment":[{"href":"https:\/\/marmoleslapedrera.es\/en\/wp-json\/wp\/v2\/media?parent=812"}],"wp:term":[{"taxonomy":"category","embeddable":true,"href":"https:\/\/marmoleslapedrera.es\/en\/wp-json\/wp\/v2\/categories?post=812"},{"taxonomy":"post_tag","embeddable":true,"href":"https:\/\/marmoleslapedrera.es\/en\/wp-json\/wp\/v2\/tags?post=812"}],"curies":[{"name":"wp","href":"https:\/\/api.w.org\/{rel}","templated":true}]}}