{"id":628,"date":"2019-04-03T15:32:00","date_gmt":"2019-04-03T13:32:00","guid":{"rendered":"https:\/\/marmoleslapedrera.es\/?p=628"},"modified":"2019-11-18T15:35:03","modified_gmt":"2019-11-18T14:35:03","slug":"encuentro-en-novelda-para-analizar-la-critica-situacion-que-atraviesa-el-marmol","status":"publish","type":"post","link":"https:\/\/marmoleslapedrera.es\/en\/encuentro-en-novelda-para-analizar-la-critica-situacion-que-atraviesa-el-marmol\/","title":{"rendered":"Meeting in NOVELDA to analyse the critical situation facing the marble"},"content":{"rendered":"<p>For your interest we reproduce this news from the newspaper information:<a href=\"https:\/\/www.diarioinformacion.com\/elda\/2019\/03\/13\/encuentro-novelda-analizar-situacion-marmol\/2127850.html\"> informaci\u00f3n<\/a>:<\/p>\n\n\n\n<p class=\"has-drop-cap translation-block\">The mayor of Novelda, Armando Esteve, has held a working meeting with the new president of Marble of Alicante, Association of the Valencian Community, David Beltr\u00e1, in which they have analysed the main threats the sector is facing.<\/p>\n\n\n\n<p class=\"translation-block\">Accompanied by the Councilors of Environmental Quality, Francisco Javier Cantos, and Local Development, Francisco Sepulcre, technicians of both departments and the manager of Marble of Alicante, Encarni Abad, the mayor has approached with the president of the business association the different initiatives that, together, they could help to mitigate the difficult situation that the marble and natural stone sector is going through in its entire process.<\/p>\n\n\n\n<p>En la reuni\u00f3n Armando Esteve, que mostr\u00f3 su \u00abpreocupaci\u00f3n\u00bb por la situaci\u00f3n de los trabajadores del&nbsp;<a href=\"https:\/\/www.diarioinformacion.com\/economia\/2019\/03\/11\/ere-levantina-cantera-monte-coto\/2126990.html\">grupo Levantina&nbsp;<\/a>inmerso en un nuevo ERE, apost\u00f3 por unir en un&nbsp;<strong>\u00abfrente com\u00fan\u00bb<\/strong>&nbsp;a otros municipios de la comarca directamente afectados, para lo que propuso solicitar una reuni\u00f3n del Consorcio Intermunicipal del Pacto por el Empleo del Valle del Vinalop\u00f3 con el objetivo de aportar soluciones al sector, mediante la mejora de la financiaci\u00f3n y la&nbsp;<strong>reindustrializaci\u00f3n<\/strong>, que encuentren apoyo en las&nbsp;<strong>administraciones auton\u00f3mica y nacional.<\/strong><\/p>","protected":false},"excerpt":{"rendered":"<p>For your interest we reproduce this news from the newspaper information:<\/p>\n<div class=\"read-more-wrapper\"><a class=\"read-more\" href=\"https:\/\/marmoleslapedrera.es\/en\/encuentro-en-novelda-para-analizar-la-critica-situacion-que-atraviesa-el-marmol\/\">&#8230;<\/a><\/div>","protected":false},"author":1,"featured_media":629,"comment_status":"closed","ping_status":"open","sticky":false,"template":"","format":"standard","meta":{"footnotes":""},"categories":[39],"tags":[45,46],"class_list":["post-628","post","type-post","status-publish","format-standard","has-post-thumbnail","hentry","category-noticias","tag-encuentro","tag-novelda"],"_links":{"self":[{"href":"https:\/\/marmoleslapedrera.es\/en\/wp-json\/wp\/v2\/posts\/628","targetHints":{"allow":["GET"]}}],"collection":[{"href":"https:\/\/marmoleslapedrera.es\/en\/wp-json\/wp\/v2\/posts"}],"about":[{"href":"https:\/\/marmoleslapedrera.es\/en\/wp-json\/wp\/v2\/types\/post"}],"author":[{"embeddable":true,"href":"https:\/\/marmoleslapedrera.es\/en\/wp-json\/wp\/v2\/users\/1"}],"replies":[{"embeddable":true,"href":"https:\/\/marmoleslapedrera.es\/en\/wp-json\/wp\/v2\/comments?post=628"}],"version-history":[{"count":1,"href":"https:\/\/marmoleslapedrera.es\/en\/wp-json\/wp\/v2\/posts\/628\/revisions"}],"predecessor-version":[{"id":630,"href":"https:\/\/marmoleslapedrera.es\/en\/wp-json\/wp\/v2\/posts\/628\/revisions\/630"}],"wp:featuredmedia":[{"embeddable":true,"href":"https:\/\/marmoleslapedrera.es\/en\/wp-json\/wp\/v2\/media\/629"}],"wp:attachment":[{"href":"https:\/\/marmoleslapedrera.es\/en\/wp-json\/wp\/v2\/media?parent=628"}],"wp:term":[{"taxonomy":"category","embeddable":true,"href":"https:\/\/marmoleslapedrera.es\/en\/wp-json\/wp\/v2\/categories?post=628"},{"taxonomy":"post_tag","embeddable":true,"href":"https:\/\/marmoleslapedrera.es\/en\/wp-json\/wp\/v2\/tags?post=628"}],"curies":[{"name":"wp","href":"https:\/\/api.w.org\/{rel}","templated":true}]}}